{"id":180,"date":"2015-11-15T00:16:40","date_gmt":"2015-11-15T00:16:40","guid":{"rendered":"http:\/\/www.condepoveda.com\/?p=180"},"modified":"2015-11-24T11:14:34","modified_gmt":"2015-11-24T11:14:34","slug":"nubes-sinteticas-music-video","status":"publish","type":"post","link":"https:\/\/www.condepoveda.com\/es\/nubes-sinteticas-music-video\/","title":{"rendered":"NUBES SINT\u00c9TICAS &#8211; MUSIC VIDEO"},"content":{"rendered":"<p>Esta semana estoy contento\u00a0de poder estrenar ya m\u00ed \u00faltimo trabajo como realizador, el videoclip para Matell\u00e1n de Nubes Sint\u00e9ticas.<\/p>\n<p>C\u00f3mo present\u00f3 el co-director Jose Lu\u00eds Algar \u00a0&#8220;<em>El video es una vuelta de tuerca al D\u00eda de los Muertos. Siempre somos nosotros quienes visitamos a nuestros muertos en tumbas, cementerios\u2026 As\u00ed que esta es nuestra idea de c\u00f3mo nos gustar\u00eda que fuese&#8230;\u201d\u00a0<\/em><\/p>\n<p><iframe width=\"840\" height=\"473\" src=\"https:\/\/www.youtube.com\/embed\/hBPCtWodMfk?feature=oembed&#038;width=840&#038;height=1000&#038;discover=1\" frameborder=\"0\" allow=\"accelerometer; autoplay; encrypted-media; gyroscope; picture-in-picture\" allowfullscreen><\/iframe><\/p>\n<h6 style=\"text-align: right;\">Art\u00edculos de premsa:<\/h6>\n<p style=\"text-align: right;\"><a href=\"http:\/\/www.indielocura.com\/2015\/11\/videoclip-de-nubes-sinteticas-de.html\">Indielocura<\/a><\/p>\n<p style=\"text-align: right;\"><a href=\"http:\/\/www.indiescretos.com\/2015\/11\/matellan-despide-calidociclo-con-nuevo-videoclip\/\">Indiescretos<\/a><\/p>\n<p style=\"text-align: right;\"><a href=\"http:\/\/j-musind.blogspot.com.es\/2015\/11\/matellan-estrena-videoclip-para-nubes.html\">J-Musind<\/a><\/p>\n<p style=\"text-align: right;\"><a href=\"http:\/\/llenomusica.blogspot.com.es\/p\/la-batuta-comunicacion-presenta.html\">Llenomusica<\/a><\/p>\n<p style=\"text-align: right;\"><a href=\"http:\/\/es.newstodayworld.org\/matellan-estrena-videoclip-para-nubes-sinteticas-3459475\/\">PaperBlog<\/a><\/p>\n<h6>M\u00fasica: Matell\u00e1n<\/h6>\n<h6>Direcci\u00f3n: Conde Poveda &amp; Jose Lu\u00eds Algar<\/h6>\n<h6>Producci\u00f3n: Grog Studio<\/h6>\n<h6>Gui\u00f3n: Jose Lu\u00eds Algar<\/h6>\n<h6>Dir. Fotograf\u00eda: Conde Poveda<\/h6>\n<h6>3d FX: Pedro G. Almagro<\/h6>\n<h6>Postproducci\u00f3n de color: Gertrudis Conde<\/h6>\n<h6>Make-up: Dani P\u00e9rez<\/h6>\n<h6>Atrezzo: Gertrudis Conde y Conde Poveda<\/h6>\n<h6>Casting: Daville Matell\u00e1n, Carlos\u00a0C\u00e1rdenas,\u00a0Pepe Cabello, Raquel Poveda, M\u00aa Carmen Garcia, Judith Hidalgo, Dani P\u00e9rez, Rafael Conde, Guillermo Conde, Fran M. Moreno, David Herrera y Sergi Martin.<\/h6>\n<h6>Rodado entre Sant Pere de Ribes y Barcelona.<\/h6>","protected":false},"excerpt":{"rendered":"<p>Esta semana estoy contento\u00a0de poder estrenar ya m\u00ed \u00faltimo trabajo como realizador, el videoclip para Matell\u00e1n de Nubes Sint\u00e9ticas. C\u00f3mo [&hellip;]<\/p>","protected":false},"author":2,"featured_media":177,"comment_status":"closed","ping_status":"closed","sticky":false,"template":"","format":"standard","meta":{"_exactmetrics_skip_tracking":false,"_exactmetrics_sitenote_active":false,"_exactmetrics_sitenote_note":"","_exactmetrics_sitenote_category":0,"footnotes":""},"categories":[1],"tags":[],"class_list":["post-180","post","type-post","status-publish","format-standard","has-post-thumbnail","hentry","category-sin-categoria"],"_links":{"self":[{"href":"https:\/\/www.condepoveda.com\/es\/wp-json\/wp\/v2\/posts\/180","targetHints":{"allow":["GET"]}}],"collection":[{"href":"https:\/\/www.condepoveda.com\/es\/wp-json\/wp\/v2\/posts"}],"about":[{"href":"https:\/\/www.condepoveda.com\/es\/wp-json\/wp\/v2\/types\/post"}],"author":[{"embeddable":true,"href":"https:\/\/www.condepoveda.com\/es\/wp-json\/wp\/v2\/users\/2"}],"replies":[{"embeddable":true,"href":"https:\/\/www.condepoveda.com\/es\/wp-json\/wp\/v2\/comments?post=180"}],"version-history":[{"count":2,"href":"https:\/\/www.condepoveda.com\/es\/wp-json\/wp\/v2\/posts\/180\/revisions"}],"predecessor-version":[{"id":188,"href":"https:\/\/www.condepoveda.com\/es\/wp-json\/wp\/v2\/posts\/180\/revisions\/188"}],"wp:featuredmedia":[{"embeddable":true,"href":"https:\/\/www.condepoveda.com\/es\/wp-json\/wp\/v2\/media\/177"}],"wp:attachment":[{"href":"https:\/\/www.condepoveda.com\/es\/wp-json\/wp\/v2\/media?parent=180"}],"wp:term":[{"taxonomy":"category","embeddable":true,"href":"https:\/\/www.condepoveda.com\/es\/wp-json\/wp\/v2\/categories?post=180"},{"taxonomy":"post_tag","embeddable":true,"href":"https:\/\/www.condepoveda.com\/es\/wp-json\/wp\/v2\/tags?post=180"}],"curies":[{"name":"wp","href":"https:\/\/api.w.org\/{rel}","templated":true}]}}